{"id":523,"date":"2026-01-20T22:38:28","date_gmt":"2026-01-20T21:38:28","guid":{"rendered":"https:\/\/martin-in.space\/?p=523"},"modified":"2026-01-20T22:38:56","modified_gmt":"2026-01-20T21:38:56","slug":"polarna-ziara-nad-slovenskom","status":"publish","type":"post","link":"https:\/\/martin-in.space\/index.php\/2026\/01\/20\/polarna-ziara-nad-slovenskom\/","title":{"rendered":"Pol\u00e1rna \u017eiara nad Slovenskom"},"content":{"rendered":"\n<p>Po necel\u00fdch dvoch rokoch sa nad Slovenskom op\u00e4\u0165 objavila jasnej\u0161ia pol\u00e1rna \u017eiara vidite\u013en\u00e1  vo\u013en\u00fdm okom (slab\u0161\u00edch, vidite\u013en\u00fdch na fotografi\u00e1ch bolo ove\u013ea viac). S\u00edce nebola tak\u00e1 jasn\u00e1 ako v m\u00e1ji 2024, ale jej pozorovanie st\u00e1lo za to. A tu je zop\u00e1r fotiek pol\u00e1rnej \u017eiary z 19. 1. 2026:<\/p>\n\n\n\n<figure class=\"wp-block-image size-full\"><img loading=\"lazy\" decoding=\"async\" width=\"1920\" height=\"1280\" src=\"https:\/\/martin-in.space\/wp-content\/uploads\/2026\/01\/MG_0921.jpg\" alt=\"\" class=\"wp-image-524\" srcset=\"https:\/\/martin-in.space\/wp-content\/uploads\/2026\/01\/MG_0921.jpg 1920w, https:\/\/martin-in.space\/wp-content\/uploads\/2026\/01\/MG_0921-300x200.jpg 300w, https:\/\/martin-in.space\/wp-content\/uploads\/2026\/01\/MG_0921-768x512.jpg 768w, https:\/\/martin-in.space\/wp-content\/uploads\/2026\/01\/MG_0921-1536x1024.jpg 1536w, https:\/\/martin-in.space\/wp-content\/uploads\/2026\/01\/MG_0921-450x300.jpg 450w\" sizes=\"auto, (max-width: 1920px) 100vw, 1920px\" \/><\/figure>\n\n\n\n<figure class=\"wp-block-image size-large\"><img loading=\"lazy\" decoding=\"async\" width=\"1920\" height=\"1280\" src=\"https:\/\/martin-in.space\/wp-content\/uploads\/2026\/01\/MG_0923-1920x1280.jpg\" alt=\"\" class=\"wp-image-525\" srcset=\"https:\/\/martin-in.space\/wp-content\/uploads\/2026\/01\/MG_0923-1920x1280.jpg 1920w, https:\/\/martin-in.space\/wp-content\/uploads\/2026\/01\/MG_0923-300x200.jpg 300w, https:\/\/martin-in.space\/wp-content\/uploads\/2026\/01\/MG_0923-768x512.jpg 768w, https:\/\/martin-in.space\/wp-content\/uploads\/2026\/01\/MG_0923-1536x1024.jpg 1536w, https:\/\/martin-in.space\/wp-content\/uploads\/2026\/01\/MG_0923-2048x1365.jpg 2048w, https:\/\/martin-in.space\/wp-content\/uploads\/2026\/01\/MG_0923-450x300.jpg 450w\" sizes=\"auto, (max-width: 1920px) 100vw, 1920px\" \/><\/figure>\n\n\n\n<figure class=\"wp-block-image size-full\"><img loading=\"lazy\" decoding=\"async\" width=\"1920\" height=\"1280\" src=\"https:\/\/martin-in.space\/wp-content\/uploads\/2026\/01\/MG_0935.jpg\" alt=\"\" class=\"wp-image-526\" srcset=\"https:\/\/martin-in.space\/wp-content\/uploads\/2026\/01\/MG_0935.jpg 1920w, https:\/\/martin-in.space\/wp-content\/uploads\/2026\/01\/MG_0935-300x200.jpg 300w, https:\/\/martin-in.space\/wp-content\/uploads\/2026\/01\/MG_0935-768x512.jpg 768w, https:\/\/martin-in.space\/wp-content\/uploads\/2026\/01\/MG_0935-1536x1024.jpg 1536w, https:\/\/martin-in.space\/wp-content\/uploads\/2026\/01\/MG_0935-450x300.jpg 450w\" sizes=\"auto, (max-width: 1920px) 100vw, 1920px\" \/><\/figure>\n","protected":false},"excerpt":{"rendered":"<p>Po necel\u00fdch dvoch rokoch sa nad Slovenskom op\u00e4\u0165 objavila jasnej\u0161ia pol\u00e1rna \u017eiara vidite\u013en\u00e1 vo\u013en\u00fdm okom (slab\u0161\u00edch, vidite\u013en\u00fdch na fotografi\u00e1ch bolo ove\u013ea viac). S\u00edce nebola tak\u00e1 jasn\u00e1 ako v m\u00e1ji 2024, ale jej pozorovanie st\u00e1lo za to. A tu je zop\u00e1r &hellip; <a href=\"https:\/\/martin-in.space\/index.php\/2026\/01\/20\/polarna-ziara-nad-slovenskom\/\">Pokra\u010dova\u0165 v \u010d\u00edtan\u00ed <span class=\"meta-nav\">&rarr;<\/span><\/a><\/p>\n","protected":false},"author":1,"featured_media":0,"comment_status":"closed","ping_status":"open","sticky":false,"template":"","format":"standard","meta":{"footnotes":""},"categories":[10,79],"tags":[21,106],"class_list":["post-523","post","type-post","status-publish","format-standard","hentry","category-astrofoto","category-krajinkarska-astrofotografia","tag-astrofoto","tag-polarna-ziara"],"_links":{"self":[{"href":"https:\/\/martin-in.space\/index.php\/wp-json\/wp\/v2\/posts\/523","targetHints":{"allow":["GET"]}}],"collection":[{"href":"https:\/\/martin-in.space\/index.php\/wp-json\/wp\/v2\/posts"}],"about":[{"href":"https:\/\/martin-in.space\/index.php\/wp-json\/wp\/v2\/types\/post"}],"author":[{"embeddable":true,"href":"https:\/\/martin-in.space\/index.php\/wp-json\/wp\/v2\/users\/1"}],"replies":[{"embeddable":true,"href":"https:\/\/martin-in.space\/index.php\/wp-json\/wp\/v2\/comments?post=523"}],"version-history":[{"count":2,"href":"https:\/\/martin-in.space\/index.php\/wp-json\/wp\/v2\/posts\/523\/revisions"}],"predecessor-version":[{"id":528,"href":"https:\/\/martin-in.space\/index.php\/wp-json\/wp\/v2\/posts\/523\/revisions\/528"}],"wp:attachment":[{"href":"https:\/\/martin-in.space\/index.php\/wp-json\/wp\/v2\/media?parent=523"}],"wp:term":[{"taxonomy":"category","embeddable":true,"href":"https:\/\/martin-in.space\/index.php\/wp-json\/wp\/v2\/categories?post=523"},{"taxonomy":"post_tag","embeddable":true,"href":"https:\/\/martin-in.space\/index.php\/wp-json\/wp\/v2\/tags?post=523"}],"curies":[{"name":"wp","href":"https:\/\/api.w.org\/{rel}","templated":true}]}}