{"id":509,"date":"2025-11-23T17:27:47","date_gmt":"2025-11-23T16:27:47","guid":{"rendered":"https:\/\/martin-in.space\/?p=509"},"modified":"2025-11-23T17:27:47","modified_gmt":"2025-11-23T16:27:47","slug":"polarka-nie-az-taka-nudna-oblast","status":"publish","type":"post","link":"https:\/\/martin-in.space\/index.php\/2025\/11\/23\/polarka-nie-az-taka-nudna-oblast\/","title":{"rendered":"Pol\u00e1rka &#8211; nie a\u017e tak\u00e1 nudn\u00e1 oblas\u0165"},"content":{"rendered":"\n<p>Pol\u00e1rka je najjasnej\u0161ia hviezda s\u00fahvezdia Mal\u00e1 Medvedica, alebo aj sk\u00f4r zn\u00e1meho asterizmu Mal\u00fd voz. Okrem toho ju v\u0161etci poznaj\u00fa ako hviezdu, ktor\u00e1 sa nach\u00e1dza bl\u00edzko severn\u00e9mu svetov\u00e9mu p\u00f3lu. <\/p>\n\n\n\n<p>Smerom ku Pol\u00e1rke sa pozer\u00e1me mimo na\u0161u Galaxiu a preto sa m\u00f4\u017ee t\u00e1to oblas\u0165 zda\u0165 chudobn\u00e1 na hviezdy a objekty hlbok\u00e9ho vesm\u00edru. Teda tak trochu nudn\u00e1. Bol som zvedav\u00fd \u010do by sa dalo v okol\u00ed Pol\u00e1rky zachyti\u0165 dlh\u00fdmi expoz\u00edciami a tak som sa rozhodol okolie Pol\u00e1rky odfoti\u0165. Po spracovan\u00ed sn\u00edmkov sa uk\u00e1zalo, \u017ee t\u00e1to oblas\u0165 nie je v\u00f4bec nudn\u00e1. Ako sa uk\u00e1zalo t\u00fdmto smerom nach\u00e1dza ve\u013ek\u00e9 mno\u017estvo oblakov plynu. S\u00fa zn\u00e1me pod skratkou IFN &#8211; Integrated Flux Nebula a s\u00fa o\u017eiaren\u00e9 okolit\u00fdmi hviezdami.<\/p>\n\n\n\n<p>A ako to vyzer\u00e1 na fotografi\u00e1ch:<\/p>\n\n\n\n<figure class=\"wp-block-image size-large\"><img loading=\"lazy\" decoding=\"async\" width=\"1280\" height=\"1280\" src=\"https:\/\/martin-in.space\/wp-content\/uploads\/2025\/11\/Polaris-1280x1280.jpg\" alt=\"\" class=\"wp-image-511\" srcset=\"https:\/\/martin-in.space\/wp-content\/uploads\/2025\/11\/Polaris-1280x1280.jpg 1280w, https:\/\/martin-in.space\/wp-content\/uploads\/2025\/11\/Polaris-300x300.jpg 300w, https:\/\/martin-in.space\/wp-content\/uploads\/2025\/11\/Polaris-150x150.jpg 150w, https:\/\/martin-in.space\/wp-content\/uploads\/2025\/11\/Polaris-768x768.jpg 768w, https:\/\/martin-in.space\/wp-content\/uploads\/2025\/11\/Polaris-1536x1536.jpg 1536w, https:\/\/martin-in.space\/wp-content\/uploads\/2025\/11\/Polaris-2048x2048.jpg 2048w\" sizes=\"auto, (max-width: 1280px) 100vw, 1280px\" \/><figcaption class=\"wp-element-caption\">Okolie Pol\u00e1rky s IFN oblakmi<\/figcaption><\/figure>\n\n\n\n<p>a e\u0161te jedna<\/p>\n\n\n\n<figure class=\"wp-block-image size-large\"><img loading=\"lazy\" decoding=\"async\" width=\"1280\" height=\"1280\" src=\"https:\/\/martin-in.space\/wp-content\/uploads\/2025\/11\/Polaris-1-1280x1280.jpg\" alt=\"\" class=\"wp-image-512\" srcset=\"https:\/\/martin-in.space\/wp-content\/uploads\/2025\/11\/Polaris-1-1280x1280.jpg 1280w, https:\/\/martin-in.space\/wp-content\/uploads\/2025\/11\/Polaris-1-300x300.jpg 300w, https:\/\/martin-in.space\/wp-content\/uploads\/2025\/11\/Polaris-1-150x150.jpg 150w, https:\/\/martin-in.space\/wp-content\/uploads\/2025\/11\/Polaris-1-768x768.jpg 768w, https:\/\/martin-in.space\/wp-content\/uploads\/2025\/11\/Polaris-1-1536x1536.jpg 1536w, https:\/\/martin-in.space\/wp-content\/uploads\/2025\/11\/Polaris-1-2048x2048.jpg 2048w\" sizes=\"auto, (max-width: 1280px) 100vw, 1280px\" \/><figcaption class=\"wp-element-caption\">Pol\u00e1rka a jej okolie<\/figcaption><\/figure>\n\n\n\n<p>Viac info k jednotliv\u00fdm sn\u00edmkam: <a href=\"https:\/\/app.astrobin.com\/i\/vi9fy7\">https:\/\/app.astrobin.com\/i\/vi9fy7<\/a> a <a href=\"https:\/\/app.astrobin.com\/i\/b4k76s\">https:\/\/app.astrobin.com\/i\/b4k76s<\/a>.<\/p>\n","protected":false},"excerpt":{"rendered":"<p>Pol\u00e1rka je najjasnej\u0161ia hviezda s\u00fahvezdia Mal\u00e1 Medvedica, alebo aj sk\u00f4r zn\u00e1meho asterizmu Mal\u00fd voz. Okrem toho ju v\u0161etci poznaj\u00fa ako hviezdu, ktor\u00e1 sa nach\u00e1dza bl\u00edzko severn\u00e9mu svetov\u00e9mu p\u00f3lu. Smerom ku Pol\u00e1rke sa pozer\u00e1me mimo na\u0161u Galaxiu a preto sa m\u00f4\u017ee &hellip; <a href=\"https:\/\/martin-in.space\/index.php\/2025\/11\/23\/polarka-nie-az-taka-nudna-oblast\/\">Pokra\u010dova\u0165 v \u010d\u00edtan\u00ed <span class=\"meta-nav\">&rarr;<\/span><\/a><\/p>\n","protected":false},"author":1,"featured_media":0,"comment_status":"closed","ping_status":"open","sticky":false,"template":"","format":"standard","meta":{"footnotes":""},"categories":[10,14],"tags":[21,101,100],"class_list":["post-509","post","type-post","status-publish","format-standard","hentry","category-astrofoto","category-hmloviny","tag-astrofoto","tag-ifn","tag-polarka"],"_links":{"self":[{"href":"https:\/\/martin-in.space\/index.php\/wp-json\/wp\/v2\/posts\/509","targetHints":{"allow":["GET"]}}],"collection":[{"href":"https:\/\/martin-in.space\/index.php\/wp-json\/wp\/v2\/posts"}],"about":[{"href":"https:\/\/martin-in.space\/index.php\/wp-json\/wp\/v2\/types\/post"}],"author":[{"embeddable":true,"href":"https:\/\/martin-in.space\/index.php\/wp-json\/wp\/v2\/users\/1"}],"replies":[{"embeddable":true,"href":"https:\/\/martin-in.space\/index.php\/wp-json\/wp\/v2\/comments?post=509"}],"version-history":[{"count":2,"href":"https:\/\/martin-in.space\/index.php\/wp-json\/wp\/v2\/posts\/509\/revisions"}],"predecessor-version":[{"id":513,"href":"https:\/\/martin-in.space\/index.php\/wp-json\/wp\/v2\/posts\/509\/revisions\/513"}],"wp:attachment":[{"href":"https:\/\/martin-in.space\/index.php\/wp-json\/wp\/v2\/media?parent=509"}],"wp:term":[{"taxonomy":"category","embeddable":true,"href":"https:\/\/martin-in.space\/index.php\/wp-json\/wp\/v2\/categories?post=509"},{"taxonomy":"post_tag","embeddable":true,"href":"https:\/\/martin-in.space\/index.php\/wp-json\/wp\/v2\/tags?post=509"}],"curies":[{"name":"wp","href":"https:\/\/api.w.org\/{rel}","templated":true}]}}