{"id":474,"date":"2025-06-14T21:23:18","date_gmt":"2025-06-14T19:23:18","guid":{"rendered":"https:\/\/martin-in.space\/?p=474"},"modified":"2025-06-14T21:23:18","modified_gmt":"2025-06-14T19:23:18","slug":"lbn-406","status":"publish","type":"post","link":"https:\/\/martin-in.space\/index.php\/2025\/06\/14\/lbn-406\/","title":{"rendered":"LBN 406"},"content":{"rendered":"\n<p>LBN 406 je oblak prachu a plynu nach\u00e1dzaj\u00faci sa v s\u00fahvezd\u00ed Draka.Tento objekt som fotil v m\u00e1ji 2025 s celkovou dobou integr\u00e1cie 14 hod\u00edn a 35 min\u00fat. Z\u00e1rove\u0148 to bol aj test nov\u00e9ho \u010falekoh\u013eadu SvBony Sv555 s priemerom objekt\u00edvu 54 mm a ohniskovou d\u013e\u017ekou 243 mm. <\/p>\n\n\n\n<p>V\u00fdsledn\u00e1 fotka:<\/p>\n\n\n\n<figure class=\"wp-block-image size-large\"><img loading=\"lazy\" decoding=\"async\" width=\"1280\" height=\"1280\" src=\"https:\/\/martin-in.space\/wp-content\/uploads\/2025\/06\/LBN406-1280x1280.jpg\" alt=\"\" class=\"wp-image-475\" srcset=\"https:\/\/martin-in.space\/wp-content\/uploads\/2025\/06\/LBN406-1280x1280.jpg 1280w, https:\/\/martin-in.space\/wp-content\/uploads\/2025\/06\/LBN406-300x300.jpg 300w, https:\/\/martin-in.space\/wp-content\/uploads\/2025\/06\/LBN406-150x150.jpg 150w, https:\/\/martin-in.space\/wp-content\/uploads\/2025\/06\/LBN406-768x768.jpg 768w, https:\/\/martin-in.space\/wp-content\/uploads\/2025\/06\/LBN406-1536x1536.jpg 1536w, https:\/\/martin-in.space\/wp-content\/uploads\/2025\/06\/LBN406-2048x2048.jpg 2048w\" sizes=\"auto, (max-width: 1280px) 100vw, 1280px\" \/><figcaption class=\"wp-element-caption\">LBN 406<\/figcaption><\/figure>\n\n\n\n<p>Viac info: <a href=\"https:\/\/app.astrobin.com\/i\/jms82e\">https:\/\/app.astrobin.com\/i\/jms82e<\/a><\/p>\n","protected":false},"excerpt":{"rendered":"<p>LBN 406 je oblak prachu a plynu nach\u00e1dzaj\u00faci sa v s\u00fahvezd\u00ed Draka.Tento objekt som fotil v m\u00e1ji 2025 s celkovou dobou integr\u00e1cie 14 hod\u00edn a 35 min\u00fat. Z\u00e1rove\u0148 to bol aj test nov\u00e9ho \u010falekoh\u013eadu SvBony Sv555 s priemerom objekt\u00edvu 54 &hellip; <a href=\"https:\/\/martin-in.space\/index.php\/2025\/06\/14\/lbn-406\/\">Pokra\u010dova\u0165 v \u010d\u00edtan\u00ed <span class=\"meta-nav\">&rarr;<\/span><\/a><\/p>\n","protected":false},"author":1,"featured_media":0,"comment_status":"closed","ping_status":"open","sticky":false,"template":"","format":"standard","meta":{"footnotes":""},"categories":[10],"tags":[21,83,82],"class_list":["post-474","post","type-post","status-publish","format-standard","hentry","category-astrofoto","tag-astrofoto","tag-lbn-406","tag-reflexne-hmloviny"],"_links":{"self":[{"href":"https:\/\/martin-in.space\/index.php\/wp-json\/wp\/v2\/posts\/474","targetHints":{"allow":["GET"]}}],"collection":[{"href":"https:\/\/martin-in.space\/index.php\/wp-json\/wp\/v2\/posts"}],"about":[{"href":"https:\/\/martin-in.space\/index.php\/wp-json\/wp\/v2\/types\/post"}],"author":[{"embeddable":true,"href":"https:\/\/martin-in.space\/index.php\/wp-json\/wp\/v2\/users\/1"}],"replies":[{"embeddable":true,"href":"https:\/\/martin-in.space\/index.php\/wp-json\/wp\/v2\/comments?post=474"}],"version-history":[{"count":1,"href":"https:\/\/martin-in.space\/index.php\/wp-json\/wp\/v2\/posts\/474\/revisions"}],"predecessor-version":[{"id":476,"href":"https:\/\/martin-in.space\/index.php\/wp-json\/wp\/v2\/posts\/474\/revisions\/476"}],"wp:attachment":[{"href":"https:\/\/martin-in.space\/index.php\/wp-json\/wp\/v2\/media?parent=474"}],"wp:term":[{"taxonomy":"category","embeddable":true,"href":"https:\/\/martin-in.space\/index.php\/wp-json\/wp\/v2\/categories?post=474"},{"taxonomy":"post_tag","embeddable":true,"href":"https:\/\/martin-in.space\/index.php\/wp-json\/wp\/v2\/tags?post=474"}],"curies":[{"name":"wp","href":"https:\/\/api.w.org\/{rel}","templated":true}]}}