{"id":470,"date":"2025-05-28T17:26:46","date_gmt":"2025-05-28T15:26:46","guid":{"rendered":"https:\/\/martin-in.space\/?p=470"},"modified":"2025-05-28T17:26:46","modified_gmt":"2025-05-28T15:26:46","slug":"kratke-timelapse-video-s-beskyd","status":"publish","type":"post","link":"https:\/\/martin-in.space\/index.php\/2025\/05\/28\/kratke-timelapse-video-s-beskyd\/","title":{"rendered":"Kr\u00e1tke timelapse video s Besk\u00fdd"},"content":{"rendered":"\n<p>V Beskydoch sa nach\u00e1dza Park tmavej oblohy (\u010cesk\u00e1 republika), kde som str\u00e1vil predl\u017een\u00fd v\u00edkend na workshope Krajink\u00e1rska astrofotografia od Petra Hor\u00e1lka. Pri tej prile\u017eitosti, teda testovan\u00ed techniky som urobil kr\u00e1tke 6 sekundov\u00e9 timelapse video. <\/p>\n\n\n\n<figure class=\"wp-block-video\"><video height=\"1080\" style=\"aspect-ratio: 1920 \/ 1080;\" width=\"1920\" controls src=\"https:\/\/martin-in.space\/wp-content\/uploads\/2025\/05\/BeskydyMliecnaCesta.mp4\"><\/video><\/figure>\n\n\n\n<p>Okrem tohto pokusu som nafotil e\u0161te viac materi\u00e1lu, ktor\u00fd budem postupne spracov\u00e1va\u0165.<\/p>\n","protected":false},"excerpt":{"rendered":"<p>V Beskydoch sa nach\u00e1dza Park tmavej oblohy (\u010cesk\u00e1 republika), kde som str\u00e1vil predl\u017een\u00fd v\u00edkend na workshope Krajink\u00e1rska astrofotografia od Petra Hor\u00e1lka. Pri tej prile\u017eitosti, teda testovan\u00ed techniky som urobil kr\u00e1tke 6 sekundov\u00e9 timelapse video. Okrem tohto pokusu som nafotil e\u0161te &hellip; <a href=\"https:\/\/martin-in.space\/index.php\/2025\/05\/28\/kratke-timelapse-video-s-beskyd\/\">Pokra\u010dova\u0165 v \u010d\u00edtan\u00ed <span class=\"meta-nav\">&rarr;<\/span><\/a><\/p>\n","protected":false},"author":1,"featured_media":0,"comment_status":"closed","ping_status":"open","sticky":false,"template":"","format":"standard","meta":{"footnotes":""},"categories":[80,79,78],"tags":[81,77],"class_list":["post-470","post","type-post","status-publish","format-standard","hentry","category-astro","category-krajinkarska-astrofotografia","category-timelapse","tag-beskydy","tag-timelapse"],"_links":{"self":[{"href":"https:\/\/martin-in.space\/index.php\/wp-json\/wp\/v2\/posts\/470","targetHints":{"allow":["GET"]}}],"collection":[{"href":"https:\/\/martin-in.space\/index.php\/wp-json\/wp\/v2\/posts"}],"about":[{"href":"https:\/\/martin-in.space\/index.php\/wp-json\/wp\/v2\/types\/post"}],"author":[{"embeddable":true,"href":"https:\/\/martin-in.space\/index.php\/wp-json\/wp\/v2\/users\/1"}],"replies":[{"embeddable":true,"href":"https:\/\/martin-in.space\/index.php\/wp-json\/wp\/v2\/comments?post=470"}],"version-history":[{"count":1,"href":"https:\/\/martin-in.space\/index.php\/wp-json\/wp\/v2\/posts\/470\/revisions"}],"predecessor-version":[{"id":472,"href":"https:\/\/martin-in.space\/index.php\/wp-json\/wp\/v2\/posts\/470\/revisions\/472"}],"wp:attachment":[{"href":"https:\/\/martin-in.space\/index.php\/wp-json\/wp\/v2\/media?parent=470"}],"wp:term":[{"taxonomy":"category","embeddable":true,"href":"https:\/\/martin-in.space\/index.php\/wp-json\/wp\/v2\/categories?post=470"},{"taxonomy":"post_tag","embeddable":true,"href":"https:\/\/martin-in.space\/index.php\/wp-json\/wp\/v2\/tags?post=470"}],"curies":[{"name":"wp","href":"https:\/\/api.w.org\/{rel}","templated":true}]}}