{"id":428,"date":"2025-01-08T20:37:36","date_gmt":"2025-01-08T19:37:36","guid":{"rendered":"https:\/\/martin-in.space\/?p=428"},"modified":"2025-01-08T20:37:36","modified_gmt":"2025-01-08T19:37:36","slug":"objekty-messierovho-katalogu-m31","status":"publish","type":"post","link":"https:\/\/martin-in.space\/index.php\/2025\/01\/08\/objekty-messierovho-katalogu-m31\/","title":{"rendered":"Objekty Messierovho katal\u00f3gu: M31"},"content":{"rendered":"\n<p>M31 je zn\u00e1ma galaxia nach\u00e1dzaj\u00faca sa v s\u00fahvezd\u00ed Androm\u00e9da. Je to najjasnej\u0161ia galaxia na severnej pologuli, vidite\u013en\u00e1 vo\u013en\u00fdm okom na tmavej oblohe. Preto ju je mo\u017en\u00e9 pozna\u0165 aj pod n\u00e1zvom Ve\u013ek\u00e1 hmlovina v Androm\u00e9de. <\/p>\n\n\n\n<p>Vzdialenos\u0165 M31 od Zeme je pribli\u017ene 2,5 mili\u00f3na sveteln\u00fdch rokov. Spolu s na\u0161ou Galaxiou patr\u00ed do Miestnej skupiny galaxi\u00ed a je aj z\u00e1rove\u0148 najv\u00e4\u010d\u0161ou galaxiou v tejto skupine. Oproti na\u0161ej Galaxii m\u00e1 M31 dvojn\u00e1sobn\u00fd po\u010det hviezd.<\/p>\n\n\n\n<p>M31 som fotil v septembry 2024. Ke\u010f\u017ee uhlovo je to dos\u0165 ve\u013ek\u00fd objekt, \u0161es\u0165kr\u00e1t va\u010d\u0161\u00ed ako Mesiac v splne, zvolil som \u010falekoh\u013ead s krat\u0161\u00edm ohniskom. Konkr\u00e9tne Askar FMA180 Pro f\/4.5. Na \u010diasto\u010dn\u00e9 potla\u010denie sveteln\u00e9ho zne\u010distenia som vyu\u017eil filter Optolong L-Pro s kamerou ZWO ASI 533 MC Pro. Celkov\u00e1 doba integr\u00e1cie bola 12 hod\u00edn a 24 min\u00fat.<\/p>\n\n\n\n<figure class=\"wp-block-image size-large\"><img loading=\"lazy\" decoding=\"async\" width=\"1280\" height=\"1280\" src=\"https:\/\/martin-in.space\/wp-content\/uploads\/2025\/01\/M31-1280x1280.jpg\" alt=\"\" class=\"wp-image-436\" srcset=\"https:\/\/martin-in.space\/wp-content\/uploads\/2025\/01\/M31-1280x1280.jpg 1280w, https:\/\/martin-in.space\/wp-content\/uploads\/2025\/01\/M31-300x300.jpg 300w, https:\/\/martin-in.space\/wp-content\/uploads\/2025\/01\/M31-150x150.jpg 150w, https:\/\/martin-in.space\/wp-content\/uploads\/2025\/01\/M31-768x768.jpg 768w, https:\/\/martin-in.space\/wp-content\/uploads\/2025\/01\/M31-1536x1536.jpg 1536w, https:\/\/martin-in.space\/wp-content\/uploads\/2025\/01\/M31-2048x2048.jpg 2048w\" sizes=\"auto, (max-width: 1280px) 100vw, 1280px\" \/><figcaption class=\"wp-element-caption\">Ve\u013ek\u00e1 galaxia v Androm\u00e9de &#8211; M31<\/figcaption><\/figure>\n\n\n\n<p>Viac inform\u00e1ci\u00ed mo\u017eno n\u00e1js\u0165 na <a href=\"https:\/\/astrob.in\/qbdg0q\/B\/\">https:\/\/astrob.in\/qbdg0q\/B\/<\/a>.<\/p>\n","protected":false},"excerpt":{"rendered":"<p>M31 je zn\u00e1ma galaxia nach\u00e1dzaj\u00faca sa v s\u00fahvezd\u00ed Androm\u00e9da. Je to najjasnej\u0161ia galaxia na severnej pologuli, vidite\u013en\u00e1 vo\u013en\u00fdm okom na tmavej oblohe. Preto ju je mo\u017en\u00e9 pozna\u0165 aj pod n\u00e1zvom Ve\u013ek\u00e1 hmlovina v Androm\u00e9de. Vzdialenos\u0165 M31 od Zeme je pribli\u017ene &hellip; <a href=\"https:\/\/martin-in.space\/index.php\/2025\/01\/08\/objekty-messierovho-katalogu-m31\/\">Pokra\u010dova\u0165 v \u010d\u00edtan\u00ed <span class=\"meta-nav\">&rarr;<\/span><\/a><\/p>\n","protected":false},"author":1,"featured_media":0,"comment_status":"closed","ping_status":"open","sticky":false,"template":"","format":"standard","meta":{"footnotes":""},"categories":[10,15],"tags":[21,18,66,46],"class_list":["post-428","post","type-post","status-publish","format-standard","hentry","category-astrofoto","category-galaxie","tag-astrofoto","tag-galaxia","tag-m31","tag-messierov-katalog"],"_links":{"self":[{"href":"https:\/\/martin-in.space\/index.php\/wp-json\/wp\/v2\/posts\/428","targetHints":{"allow":["GET"]}}],"collection":[{"href":"https:\/\/martin-in.space\/index.php\/wp-json\/wp\/v2\/posts"}],"about":[{"href":"https:\/\/martin-in.space\/index.php\/wp-json\/wp\/v2\/types\/post"}],"author":[{"embeddable":true,"href":"https:\/\/martin-in.space\/index.php\/wp-json\/wp\/v2\/users\/1"}],"replies":[{"embeddable":true,"href":"https:\/\/martin-in.space\/index.php\/wp-json\/wp\/v2\/comments?post=428"}],"version-history":[{"count":2,"href":"https:\/\/martin-in.space\/index.php\/wp-json\/wp\/v2\/posts\/428\/revisions"}],"predecessor-version":[{"id":437,"href":"https:\/\/martin-in.space\/index.php\/wp-json\/wp\/v2\/posts\/428\/revisions\/437"}],"wp:attachment":[{"href":"https:\/\/martin-in.space\/index.php\/wp-json\/wp\/v2\/media?parent=428"}],"wp:term":[{"taxonomy":"category","embeddable":true,"href":"https:\/\/martin-in.space\/index.php\/wp-json\/wp\/v2\/categories?post=428"},{"taxonomy":"post_tag","embeddable":true,"href":"https:\/\/martin-in.space\/index.php\/wp-json\/wp\/v2\/tags?post=428"}],"curies":[{"name":"wp","href":"https:\/\/api.w.org\/{rel}","templated":true}]}}