{"id":418,"date":"2024-10-31T21:40:17","date_gmt":"2024-10-31T20:40:17","guid":{"rendered":"https:\/\/martin-in.space\/?p=418"},"modified":"2024-10-31T21:40:17","modified_gmt":"2024-10-31T20:40:17","slug":"kometa-c-2023-a3-tsuchinshan-atlas-po-tretie","status":"publish","type":"post","link":"https:\/\/martin-in.space\/index.php\/2024\/10\/31\/kometa-c-2023-a3-tsuchinshan-atlas-po-tretie\/","title":{"rendered":"Kom\u00e9ta C\/2023 A3 (Tsuchinshan \u2013 ATLAS) &#8211; po tretie"},"content":{"rendered":"\n<p>Kone\u010dne sa mi podarilo odfoti\u0165 kom\u00e9tu C\/2023 A3 (Tsuchinshan \u2013 ATLAS) aj mojim hlavn\u00fdm \u010falekohladom (SW Quattro 150P f\/4). Kom\u00e9ta sa bl\u00ed\u017ei ku Mlie\u010dnej ceste a tak prib\u00fada aj po\u010det hviezd na hviezdnom pozad\u00ed.<\/p>\n\n\n\n<figure class=\"wp-block-image size-large\"><img loading=\"lazy\" decoding=\"async\" width=\"1156\" height=\"1280\" src=\"https:\/\/martin-in.space\/wp-content\/uploads\/2024\/10\/C2023_A3-1-1156x1280.jpg\" alt=\"\" class=\"wp-image-419\" srcset=\"https:\/\/martin-in.space\/wp-content\/uploads\/2024\/10\/C2023_A3-1-1156x1280.jpg 1156w, https:\/\/martin-in.space\/wp-content\/uploads\/2024\/10\/C2023_A3-1-271x300.jpg 271w, https:\/\/martin-in.space\/wp-content\/uploads\/2024\/10\/C2023_A3-1-768x851.jpg 768w, https:\/\/martin-in.space\/wp-content\/uploads\/2024\/10\/C2023_A3-1-1387x1536.jpg 1387w, https:\/\/martin-in.space\/wp-content\/uploads\/2024\/10\/C2023_A3-1-1849x2048.jpg 1849w\" sizes=\"auto, (max-width: 1156px) 100vw, 1156px\" \/><figcaption class=\"wp-element-caption\">C\/2023 A3 (Tsuchinsha &#8211; ATLAS)<\/figcaption><\/figure>\n\n\n\n<p>Viac info: <a href=\"https:\/\/astrob.in\/lsere3\/0\/\">https:\/\/astrob.in\/lsere3\/0\/<\/a>.<\/p>\n","protected":false},"excerpt":{"rendered":"<p>Kone\u010dne sa mi podarilo odfoti\u0165 kom\u00e9tu C\/2023 A3 (Tsuchinshan \u2013 ATLAS) aj mojim hlavn\u00fdm \u010falekohladom (SW Quattro 150P f\/4). Kom\u00e9ta sa bl\u00ed\u017ei ku Mlie\u010dnej ceste a tak prib\u00fada aj po\u010det hviezd na hviezdnom pozad\u00ed. Viac info: https:\/\/astrob.in\/lsere3\/0\/.<\/p>\n","protected":false},"author":1,"featured_media":0,"comment_status":"closed","ping_status":"open","sticky":false,"template":"","format":"standard","meta":{"footnotes":""},"categories":[10,5],"tags":[58,48],"class_list":["post-418","post","type-post","status-publish","format-standard","hentry","category-astrofoto","category-komety","tag-c-2023-a3-tsuchinshan-atlas","tag-kometa"],"_links":{"self":[{"href":"https:\/\/martin-in.space\/index.php\/wp-json\/wp\/v2\/posts\/418","targetHints":{"allow":["GET"]}}],"collection":[{"href":"https:\/\/martin-in.space\/index.php\/wp-json\/wp\/v2\/posts"}],"about":[{"href":"https:\/\/martin-in.space\/index.php\/wp-json\/wp\/v2\/types\/post"}],"author":[{"embeddable":true,"href":"https:\/\/martin-in.space\/index.php\/wp-json\/wp\/v2\/users\/1"}],"replies":[{"embeddable":true,"href":"https:\/\/martin-in.space\/index.php\/wp-json\/wp\/v2\/comments?post=418"}],"version-history":[{"count":1,"href":"https:\/\/martin-in.space\/index.php\/wp-json\/wp\/v2\/posts\/418\/revisions"}],"predecessor-version":[{"id":420,"href":"https:\/\/martin-in.space\/index.php\/wp-json\/wp\/v2\/posts\/418\/revisions\/420"}],"wp:attachment":[{"href":"https:\/\/martin-in.space\/index.php\/wp-json\/wp\/v2\/media?parent=418"}],"wp:term":[{"taxonomy":"category","embeddable":true,"href":"https:\/\/martin-in.space\/index.php\/wp-json\/wp\/v2\/categories?post=418"},{"taxonomy":"post_tag","embeddable":true,"href":"https:\/\/martin-in.space\/index.php\/wp-json\/wp\/v2\/tags?post=418"}],"curies":[{"name":"wp","href":"https:\/\/api.w.org\/{rel}","templated":true}]}}