{"id":377,"date":"2024-08-11T13:33:27","date_gmt":"2024-08-11T11:33:27","guid":{"rendered":"https:\/\/martin-in.space\/?p=377"},"modified":"2024-08-11T13:33:27","modified_gmt":"2024-08-11T11:33:27","slug":"kometa-13-p-olbers","status":"publish","type":"post","link":"https:\/\/martin-in.space\/index.php\/2024\/08\/11\/kometa-13-p-olbers\/","title":{"rendered":"Kom\u00e9ta 13\/P Olbers"},"content":{"rendered":"\n<p>Pred ned\u00e1vnom pre\u0161la perih\u00e9liom kom\u00e9t\u00e1 13\/P Olbers. Jej vidite\u013enos\u0165 bola v dosahu men\u0161\u00edch \u010falekoh\u013eadom, ke\u010f\u017ee jej jasnos\u0165 bola mierne nad 7 mag. 13\/P Olbers je periodick\u00e1 kom\u00e9ta s dobou obehu okolo Slnka 69 rokov. Teda obe\u017en\u00e1 doba podobn\u00e1 viac zn\u00e1mej kom\u00e9te 1\/P Halley. <\/p>\n\n\n\n<p>Kom\u00e9tu 6. marca 1815 objavil Heinrich Wilhelm Matthias Olbers. V tom \u010dase po\u010das perih\u00e9lia dosiahla 5. magnit\u00fadu, tak\u017ee bola vide\u013en\u00e1 aj vo\u013en\u00fdm okom. Na tohtoro\u010dn\u00fd n\u00e1vra\u0165 bol potrebn\u00fd aspo\u0148 trieder. <\/p>\n\n\n\n<p>Ke\u010f\u017ee kom\u00e9ta sa najbli\u017e\u0161ie vr\u00e1ti a\u017e v roku 2094, tak som si ju aspo\u0148 dokumenta\u010dne musel odofi\u0165. <\/p>\n\n\n\n<figure class=\"wp-block-image size-large\"><img loading=\"lazy\" decoding=\"async\" width=\"817\" height=\"1280\" src=\"https:\/\/martin-in.space\/wp-content\/uploads\/2024\/08\/13P_Olbers-817x1280.jpg\" alt=\"\" class=\"wp-image-379\" srcset=\"https:\/\/martin-in.space\/wp-content\/uploads\/2024\/08\/13P_Olbers-817x1280.jpg 817w, https:\/\/martin-in.space\/wp-content\/uploads\/2024\/08\/13P_Olbers-191x300.jpg 191w, https:\/\/martin-in.space\/wp-content\/uploads\/2024\/08\/13P_Olbers-768x1203.jpg 768w, https:\/\/martin-in.space\/wp-content\/uploads\/2024\/08\/13P_Olbers-980x1536.jpg 980w, https:\/\/martin-in.space\/wp-content\/uploads\/2024\/08\/13P_Olbers.jpg 1053w\" sizes=\"auto, (max-width: 817px) 100vw, 817px\" \/><figcaption class=\"wp-element-caption\">13\/P Olbers<\/figcaption><\/figure>\n\n\n\n<p>Viac info mo\u017eno n\u00e1js\u0165 na <a href=\"https:\/\/astrob.in\/0nr9v0\/0\/\">https:\/\/astrob.in\/0nr9v0\/0\/<\/a>.<\/p>\n","protected":false},"excerpt":{"rendered":"<p>Pred ned\u00e1vnom pre\u0161la perih\u00e9liom kom\u00e9t\u00e1 13\/P Olbers. Jej vidite\u013enos\u0165 bola v dosahu men\u0161\u00edch \u010falekoh\u013eadom, ke\u010f\u017ee jej jasnos\u0165 bola mierne nad 7 mag. 13\/P Olbers je periodick\u00e1 kom\u00e9ta s dobou obehu okolo Slnka 69 rokov. Teda obe\u017en\u00e1 doba podobn\u00e1 viac zn\u00e1mej &hellip; <a href=\"https:\/\/martin-in.space\/index.php\/2024\/08\/11\/kometa-13-p-olbers\/\">Pokra\u010dova\u0165 v \u010d\u00edtan\u00ed <span class=\"meta-nav\">&rarr;<\/span><\/a><\/p>\n","protected":false},"author":1,"featured_media":0,"comment_status":"closed","ping_status":"open","sticky":false,"template":"","format":"standard","meta":{"footnotes":""},"categories":[10,5],"tags":[54,21,48],"class_list":["post-377","post","type-post","status-publish","format-standard","hentry","category-astrofoto","category-komety","tag-13-olbers","tag-astrofoto","tag-kometa"],"_links":{"self":[{"href":"https:\/\/martin-in.space\/index.php\/wp-json\/wp\/v2\/posts\/377","targetHints":{"allow":["GET"]}}],"collection":[{"href":"https:\/\/martin-in.space\/index.php\/wp-json\/wp\/v2\/posts"}],"about":[{"href":"https:\/\/martin-in.space\/index.php\/wp-json\/wp\/v2\/types\/post"}],"author":[{"embeddable":true,"href":"https:\/\/martin-in.space\/index.php\/wp-json\/wp\/v2\/users\/1"}],"replies":[{"embeddable":true,"href":"https:\/\/martin-in.space\/index.php\/wp-json\/wp\/v2\/comments?post=377"}],"version-history":[{"count":2,"href":"https:\/\/martin-in.space\/index.php\/wp-json\/wp\/v2\/posts\/377\/revisions"}],"predecessor-version":[{"id":380,"href":"https:\/\/martin-in.space\/index.php\/wp-json\/wp\/v2\/posts\/377\/revisions\/380"}],"wp:attachment":[{"href":"https:\/\/martin-in.space\/index.php\/wp-json\/wp\/v2\/media?parent=377"}],"wp:term":[{"taxonomy":"category","embeddable":true,"href":"https:\/\/martin-in.space\/index.php\/wp-json\/wp\/v2\/categories?post=377"},{"taxonomy":"post_tag","embeddable":true,"href":"https:\/\/martin-in.space\/index.php\/wp-json\/wp\/v2\/tags?post=377"}],"curies":[{"name":"wp","href":"https:\/\/api.w.org\/{rel}","templated":true}]}}