{"id":229,"date":"2023-08-15T23:57:04","date_gmt":"2023-08-15T21:57:04","guid":{"rendered":"https:\/\/martin-in.space\/?p=229"},"modified":"2023-09-10T22:24:48","modified_gmt":"2023-09-10T20:24:48","slug":"c-2023-e1-atlas","status":"publish","type":"post","link":"https:\/\/martin-in.space\/index.php\/2023\/08\/15\/c-2023-e1-atlas\/","title":{"rendered":"C\/2023 E1 (Atlas)"},"content":{"rendered":"\n<p>Kom\u00e9ta C\/2023 E1 (Atlas) bolo objaven\u00e1 1. marca 2023 robotickou prehliadlou oblohy ATLAS (<a href=\"https:\/\/en.wikipedia.org\/wiki\/Asteroid_Terrestrial-impact_Last_Alert_System\">The Asteroid Terrestrial-impact Last Alert System<\/a>) v Ju\u017enej Afrike. Jej obe\u017en\u00e1 doba je 85 rokov, \u010do ju rad\u00ed medzi kom\u00e9ty Halleyho typu. Perih\u00e9liom pre\u0161la 1. j\u00fala 2023 a najbli\u017e\u0161ie k Zemi sa dostane 18. augusta 2023 na vzdialenos\u0165 0,375 AU (astronomickej jednotky). <\/p>\n\n\n\n<!--more-->\n\n\n\n<p>Ke\u010f\u017ee je t\u00e1to kom\u00e9ta v s\u00fa\u010dasnosti najjasnej\u0161ou kom\u00e9tou vidite\u013enou od n\u00e1s, tak som sa rozhodol si ju vyfoti\u0165. Na fotke vidno pekn\u00fa zelen\u00fa k\u00f3mu. Kom\u00e9ta sa v \u010dase fotenia nach\u00e1dzala v s\u00fahvezd\u00ed Labute a takisto aj v p\u00e1se Mlie\u010dnej cesty, na\u0161ej Galaxie. Preto je pozadie sn\u00edmku bohat\u00e9 na hviezdy.<\/p>\n\n\n\n<p>Fotil som so SkyWatcher Evostar 80 ED s reduktrom 0.85x, kamerou ZWO ASI 533 MC Pro a filtrom Optlong L-Pro. Na integr\u00e1ciu som pou\u017eil 6&#215;120 sek\u00fandov\u00fdch subsn\u00edmok, teda dokopy 720 sek\u00fand (12 min\u00fat). Na spracovanie som pou\u017eil klasiku, PixInsight.<\/p>\n\n\n\n<p>A v\u00fdsledn\u00e1 sn\u00edmka:<\/p>\n\n\n\n<figure class=\"wp-block-image size-large\"><img loading=\"lazy\" decoding=\"async\" width=\"1230\" height=\"1280\" src=\"https:\/\/martin-in.space\/wp-content\/uploads\/2023\/08\/C_2023_E1_Atlas-1230x1280.jpg\" alt=\"\" class=\"wp-image-233\" srcset=\"https:\/\/martin-in.space\/wp-content\/uploads\/2023\/08\/C_2023_E1_Atlas-1230x1280.jpg 1230w, https:\/\/martin-in.space\/wp-content\/uploads\/2023\/08\/C_2023_E1_Atlas-288x300.jpg 288w, https:\/\/martin-in.space\/wp-content\/uploads\/2023\/08\/C_2023_E1_Atlas-768x799.jpg 768w, https:\/\/martin-in.space\/wp-content\/uploads\/2023\/08\/C_2023_E1_Atlas-1476x1536.jpg 1476w, https:\/\/martin-in.space\/wp-content\/uploads\/2023\/08\/C_2023_E1_Atlas-1968x2048.jpg 1968w\" sizes=\"auto, (max-width: 1230px) 100vw, 1230px\" \/><figcaption class=\"wp-element-caption\">Kom\u00e9ta C\/2023 E1 (ATLAS)<\/figcaption><\/figure>\n\n\n\n<p>Viac info: <a href=\"https:\/\/astrob.in\/pohr4p\/0\/\" data-type=\"link\" data-id=\"https:\/\/astrob.in\/pohr4p\/0\/\">https:\/\/astrob.in\/pohr4p\/0\/<\/a><\/p>\n","protected":false},"excerpt":{"rendered":"<p>Kom\u00e9ta C\/2023 E1 (Atlas) bolo objaven\u00e1 1. marca 2023 robotickou prehliadlou oblohy ATLAS (The Asteroid Terrestrial-impact Last Alert System) v Ju\u017enej Afrike. Jej obe\u017en\u00e1 doba je 85 rokov, \u010do ju rad\u00ed medzi kom\u00e9ty Halleyho typu. Perih\u00e9liom pre\u0161la 1. j\u00fala 2023 &hellip; <a href=\"https:\/\/martin-in.space\/index.php\/2023\/08\/15\/c-2023-e1-atlas\/\">Pokra\u010dova\u0165 v \u010d\u00edtan\u00ed <span class=\"meta-nav\">&rarr;<\/span><\/a><\/p>\n","protected":false},"author":1,"featured_media":0,"comment_status":"closed","ping_status":"open","sticky":false,"template":"","format":"standard","meta":{"footnotes":""},"categories":[10,5],"tags":[],"class_list":["post-229","post","type-post","status-publish","format-standard","hentry","category-astrofoto","category-komety"],"_links":{"self":[{"href":"https:\/\/martin-in.space\/index.php\/wp-json\/wp\/v2\/posts\/229","targetHints":{"allow":["GET"]}}],"collection":[{"href":"https:\/\/martin-in.space\/index.php\/wp-json\/wp\/v2\/posts"}],"about":[{"href":"https:\/\/martin-in.space\/index.php\/wp-json\/wp\/v2\/types\/post"}],"author":[{"embeddable":true,"href":"https:\/\/martin-in.space\/index.php\/wp-json\/wp\/v2\/users\/1"}],"replies":[{"embeddable":true,"href":"https:\/\/martin-in.space\/index.php\/wp-json\/wp\/v2\/comments?post=229"}],"version-history":[{"count":3,"href":"https:\/\/martin-in.space\/index.php\/wp-json\/wp\/v2\/posts\/229\/revisions"}],"predecessor-version":[{"id":234,"href":"https:\/\/martin-in.space\/index.php\/wp-json\/wp\/v2\/posts\/229\/revisions\/234"}],"wp:attachment":[{"href":"https:\/\/martin-in.space\/index.php\/wp-json\/wp\/v2\/media?parent=229"}],"wp:term":[{"taxonomy":"category","embeddable":true,"href":"https:\/\/martin-in.space\/index.php\/wp-json\/wp\/v2\/categories?post=229"},{"taxonomy":"post_tag","embeddable":true,"href":"https:\/\/martin-in.space\/index.php\/wp-json\/wp\/v2\/tags?post=229"}],"curies":[{"name":"wp","href":"https:\/\/api.w.org\/{rel}","templated":true}]}}