{"id":167,"date":"2023-05-01T20:58:32","date_gmt":"2023-05-01T18:58:32","guid":{"rendered":"https:\/\/martin-in.space\/?p=167"},"modified":"2023-05-17T11:29:51","modified_gmt":"2023-05-17T09:29:51","slug":"m13-velka-gulova-hviezdokopa","status":"publish","type":"post","link":"https:\/\/martin-in.space\/index.php\/2023\/05\/01\/m13-velka-gulova-hviezdokopa\/","title":{"rendered":"M13 (Ve\u013ek\u00e1 gu\u013eov\u00e1 hviezdokopa)"},"content":{"rendered":"\n<p>M13 je gu\u013eov\u00e1 hviezdokopa nach\u00e1dzaj\u00faca sa v s\u00fahvezd\u00ed Herkules. V NGC katal\u00f3gu je pod \u010d\u00edslom NGC 6205. Inak je aj zn\u00e1ma ako Ve\u013ek\u00e1 gu\u013eov\u00e1 hviezdokopa v Herkulovi. Na tmavej oblohe ju spozorova\u0165 aj vo\u013en\u00fdm okom, inak je \u013eahko vyh\u013eadate\u013en\u00e1 v tri\u00e9dry. V gu\u013eov\u00fdch hviezdokp\u00e1ch sa nach\u00e1dzaj\u00fa ve\u013emi star\u00e9 hviezdy, kde\u017eto v otvoren\u00fdch sa naopak nachadzaj\u00fa mlad\u0161ie hviezdy. Vek M13 je cca 11.65 miliardy rokov a je vzdialen\u00e1 cca 25 000 sveteln\u00fdch rokov. <\/p>\n\n\n\n<figure class=\"wp-block-image size-large\"><img loading=\"lazy\" decoding=\"async\" width=\"1273\" height=\"1280\" src=\"https:\/\/martin-in.space\/wp-content\/uploads\/2023\/05\/M13_2-1273x1280.jpg\" alt=\"\" class=\"wp-image-175\" srcset=\"https:\/\/martin-in.space\/wp-content\/uploads\/2023\/05\/M13_2-1273x1280.jpg 1273w, https:\/\/martin-in.space\/wp-content\/uploads\/2023\/05\/M13_2-298x300.jpg 298w, https:\/\/martin-in.space\/wp-content\/uploads\/2023\/05\/M13_2-150x150.jpg 150w, https:\/\/martin-in.space\/wp-content\/uploads\/2023\/05\/M13_2-768x773.jpg 768w, https:\/\/martin-in.space\/wp-content\/uploads\/2023\/05\/M13_2-1527x1536.jpg 1527w, https:\/\/martin-in.space\/wp-content\/uploads\/2023\/05\/M13_2-2036x2048.jpg 2036w\" sizes=\"auto, (max-width: 1273px) 100vw, 1273px\" \/><figcaption class=\"wp-element-caption\">M13 v Herkulovi<\/figcaption><\/figure>\n\n\n\n<p>Viac o fotke mo\u017eno n\u00e1js\u0165 na <a rel=\"noreferrer noopener\" href=\"https:\/\/www.astrobin.com\/z5c9sf\/\" target=\"_blank\">https:\/\/www.astrobin.com\/z5c9sf\/<\/a>. <\/p>\n\n\n\n<p><\/p>\n","protected":false},"excerpt":{"rendered":"<p>M13 je gu\u013eov\u00e1 hviezdokopa nach\u00e1dzaj\u00faca sa v s\u00fahvezd\u00ed Herkules. V NGC katal\u00f3gu je pod \u010d\u00edslom NGC 6205. Inak je aj zn\u00e1ma ako Ve\u013ek\u00e1 gu\u013eov\u00e1 hviezdokopa v Herkulovi. Na tmavej oblohe ju spozorova\u0165 aj vo\u013en\u00fdm okom, inak je \u013eahko vyh\u013eadate\u013en\u00e1 v &hellip; <a href=\"https:\/\/martin-in.space\/index.php\/2023\/05\/01\/m13-velka-gulova-hviezdokopa\/\">Pokra\u010dova\u0165 v \u010d\u00edtan\u00ed <span class=\"meta-nav\">&rarr;<\/span><\/a><\/p>\n","protected":false},"author":1,"featured_media":0,"comment_status":"closed","ping_status":"open","sticky":false,"template":"","format":"standard","meta":{"footnotes":""},"categories":[10,16],"tags":[],"class_list":["post-167","post","type-post","status-publish","format-standard","hentry","category-astrofoto","category-gulove-hviezdokopy"],"_links":{"self":[{"href":"https:\/\/martin-in.space\/index.php\/wp-json\/wp\/v2\/posts\/167","targetHints":{"allow":["GET"]}}],"collection":[{"href":"https:\/\/martin-in.space\/index.php\/wp-json\/wp\/v2\/posts"}],"about":[{"href":"https:\/\/martin-in.space\/index.php\/wp-json\/wp\/v2\/types\/post"}],"author":[{"embeddable":true,"href":"https:\/\/martin-in.space\/index.php\/wp-json\/wp\/v2\/users\/1"}],"replies":[{"embeddable":true,"href":"https:\/\/martin-in.space\/index.php\/wp-json\/wp\/v2\/comments?post=167"}],"version-history":[{"count":5,"href":"https:\/\/martin-in.space\/index.php\/wp-json\/wp\/v2\/posts\/167\/revisions"}],"predecessor-version":[{"id":178,"href":"https:\/\/martin-in.space\/index.php\/wp-json\/wp\/v2\/posts\/167\/revisions\/178"}],"wp:attachment":[{"href":"https:\/\/martin-in.space\/index.php\/wp-json\/wp\/v2\/media?parent=167"}],"wp:term":[{"taxonomy":"category","embeddable":true,"href":"https:\/\/martin-in.space\/index.php\/wp-json\/wp\/v2\/categories?post=167"},{"taxonomy":"post_tag","embeddable":true,"href":"https:\/\/martin-in.space\/index.php\/wp-json\/wp\/v2\/tags?post=167"}],"curies":[{"name":"wp","href":"https:\/\/api.w.org\/{rel}","templated":true}]}}